{"id":4742,"date":"2023-04-24T15:05:59","date_gmt":"2023-04-24T15:05:59","guid":{"rendered":"https:\/\/www.gorgeous-azores.com\/noticias\/wine-in-azores-regressa-a-angra-do-heroismo-de-28-a-30-de-abril\/"},"modified":"2023-06-09T15:12:44","modified_gmt":"2023-06-09T15:12:44","slug":"wine-in-azores-regressa-a-angra-do-heroismo-de-28-a-30-de-abril","status":"publish","type":"noticias","link":"https:\/\/www.gorgeous-azores.com\/en\/news\/wine-in-azores-regressa-a-angra-do-heroismo-de-28-a-30-de-abril\/","title":{"rendered":"Wine in Azores returns to Angra do Hero\u00edsmo from April 28th to 30th"},"content":{"rendered":"<p>The Multisector Pavilion of Terceira Island will once again host Wine in Azores, the largest wine event in the Azores. From April 28th to April 30th, hundreds of wines will be on display in Angra do Hero\u00edsmo, with 41 producers, 11 exhibitors, 9 distributors, 5 taverns, 4 chefs &#8220;and countless reasons not to miss it.<\/p>\n<p>This edition will highlight the wines produced on Terceira Island, with the presence of producers Adega Cooperativa dos Biscoitos, Adega dos Sentidos, Casa Agr\u00edcola Brum, Materramenta, Casa Agr\u00edcola e Vit\u00edcola Rui Martins, Dimas Adega and Jo\u00e3o Paulo Cabral Cota, according to a press release issued by Angra do Hero\u00edsmo City Hall.<\/p>\n<p>According to F\u00e1tima Amorim, councillor of Angra do Hero\u00edsmo City Hall, &#8220;Wine in Azores Terceira is an opportunity to taste and appreciate wines from all over the country and I believe that the productions of our island, given its quality, deserve a prominent place in this fair&#8221;.<\/p>\n<p>The initiative will also count with the presence of the chefs Renato Cunha, Ant\u00f3nio Nobre, \u00c1lvaro Costa and the Professional School of Praia da Vit\u00f3ria.<\/p>\n<p>Besides the wine-growing activity, the fair will have a vast exhibition part, where local companies will showcase their products and services.<\/p>\n<p>&#8220;Wine in Azores Terceira is an opportunity for everyone, from local companies to wine producers and wine lovers, as all the ingredients are in place to make this year one of the fairs with the greatest impact on the island&#8221;, adds F\u00e1tima Amorim.<\/p>\n<blockquote class=\"wp-embedded-content\" data-secret=\"j0ZbUSSwLy\"><p><a href=\"https:\/\/agriculturaemar.com\/wine-in-azores-regressa-a-angra-do-heroismo-de-28-a-30-de-abril\/\" rel=\"nofollow noopener\" target=\"_blank\">Wine in Azores regressa a Angra do Hero\u00edsmo de 28 a 30 de Abril<\/a><\/p><\/blockquote>\n<p><iframe class=\"wp-embedded-content\" sandbox=\"allow-scripts\" security=\"restricted\" style=\"position: absolute; clip: rect(1px, 1px, 1px, 1px);\" title=\"&#8220;Wine in Azores regressa a Angra do Hero\u00edsmo de 28 a 30 de Abril&#8221; &#8212; AGRICULTURA E MAR\" src=\"https:\/\/agriculturaemar.com\/wine-in-azores-regressa-a-angra-do-heroismo-de-28-a-30-de-abril\/embed\/#?secret=HfG0pWvPsS#?secret=j0ZbUSSwLy\" data-secret=\"j0ZbUSSwLy\" width=\"600\" height=\"338\" frameborder=\"0\" marginwidth=\"0\" marginheight=\"0\" scrolling=\"no\"><\/iframe><\/p>\n","protected":false},"author":1,"featured_media":4498,"template":"","meta":{"_acf_changed":false,"inline_featured_image":false},"acf":[],"_links":{"self":[{"href":"https:\/\/www.gorgeous-azores.com\/en\/wp-json\/wp\/v2\/noticias\/4742"}],"collection":[{"href":"https:\/\/www.gorgeous-azores.com\/en\/wp-json\/wp\/v2\/noticias"}],"about":[{"href":"https:\/\/www.gorgeous-azores.com\/en\/wp-json\/wp\/v2\/types\/noticias"}],"author":[{"embeddable":true,"href":"https:\/\/www.gorgeous-azores.com\/en\/wp-json\/wp\/v2\/users\/1"}],"version-history":[{"count":3,"href":"https:\/\/www.gorgeous-azores.com\/en\/wp-json\/wp\/v2\/noticias\/4742\/revisions"}],"predecessor-version":[{"id":4745,"href":"https:\/\/www.gorgeous-azores.com\/en\/wp-json\/wp\/v2\/noticias\/4742\/revisions\/4745"}],"wp:featuredmedia":[{"embeddable":true,"href":"https:\/\/www.gorgeous-azores.com\/en\/wp-json\/wp\/v2\/media\/4498"}],"wp:attachment":[{"href":"https:\/\/www.gorgeous-azores.com\/en\/wp-json\/wp\/v2\/media?parent=4742"}],"curies":[{"name":"wp","href":"https:\/\/api.w.org\/{rel}","templated":true}]}}